{"id":2547,"date":"2026-09-02T16:47:26","date_gmt":"2026-09-02T15:47:26","guid":{"rendered":"https:\/\/moroccoembassy.orderofmalta.int\/?post_type=news&#038;p=2547"},"modified":"2026-09-03T16:56:46","modified_gmt":"2026-09-03T15:56:46","slug":"carrefour-diplomatique-mme-nadia-fettah-ministre-de-leconomie-et-des-finances","status":"publish","type":"news","link":"https:\/\/moroccoembassy.orderofmalta.int\/fr\/actualites\/carrefour-diplomatique-mme-nadia-fettah-ministre-de-leconomie-et-des-finances\/","title":{"rendered":"Carrefour diplomatique : Mme Nadia Fettah, Ministre de l\u2019\u00e9conomie et des finances"},"featured_media":0,"menu_order":0,"template":"","class_list":["post-2547","news","type-news","status-publish","hentry"],"acf":{"hidden_news":"no","evidence":"yes","focus_on":"no","breaking":"yes","news_cover":{"id":2548,"url":"https:\/\/moroccoembassy.orderofmalta.int\/wp-content\/uploads\/sites\/4\/2026\/09\/julien-vincent-brunie-fondation-diplomatique-maroc.jpeg"},"cover_image_copyrighted":false,"news_content":"<p>L\u2019Ambassadeur Brunie a particip\u00e9, en pr\u00e9sence de 70 ambassadeurs et chefs de missions, \u00e0 la Fondation diplomatique \u00e0 une pr\u00e9sentation de la politique \u00e9conomique du gouvernement.<br \/>\nFurent \u00e9voqu\u00e9 les diff\u00e9rentes r\u00e9formes entreprises par le gouvernement et les diff\u00e9rents r\u00e9sultats obtenus.<br \/>\nLes perspectives de d\u00e9veloppement et de bien \u00eatre social ont \u00e9t\u00e9 au centre des questions et d\u00e9bats.<br \/>\nUne participation particuli\u00e8rement importante pour un dialogue franc et int\u00e9ressant.<\/p>\n","news_gallery":"yes","news_gallery_elements":[{"id":2550,"url":"https:\/\/moroccoembassy.orderofmalta.int\/wp-content\/uploads\/sites\/4\/2026\/09\/julien-vincent-brunie-politique-economique-maroc.jpeg"},{"id":2548,"url":"https:\/\/moroccoembassy.orderofmalta.int\/wp-content\/uploads\/sites\/4\/2026\/09\/julien-vincent-brunie-fondation-diplomatique-maroc.jpeg"}],"news_excerpt":"L\u2019Ambassadeur Brunie a particip\u00e9, en pr\u00e9sence de 70 ambassadeurs et chefs de missions, \u00e0 la Fondation diplomatique \u00e0 une pr\u00e9sentation de la politique \u00e9conomique du gouvernement.\r\nFurent \u00e9voqu\u00e9 les diff\u00e9rentes r\u00e9formes entreprises par le gouvernement et les diff\u00e9rents r\u00e9sultats obtenus."},"news_categories":[],"_links":{"self":[{"href":"https:\/\/moroccoembassy.orderofmalta.int\/fr\/wp-json\/wp\/v2\/notizie\/2547","targetHints":{"allow":["GET"]}}],"collection":[{"href":"https:\/\/moroccoembassy.orderofmalta.int\/fr\/wp-json\/wp\/v2\/notizie"}],"about":[{"href":"https:\/\/moroccoembassy.orderofmalta.int\/fr\/wp-json\/wp\/v2\/types\/news"}],"version-history":[{"count":1,"href":"https:\/\/moroccoembassy.orderofmalta.int\/fr\/wp-json\/wp\/v2\/notizie\/2547\/revisions"}],"predecessor-version":[{"id":2554,"href":"https:\/\/moroccoembassy.orderofmalta.int\/fr\/wp-json\/wp\/v2\/notizie\/2547\/revisions\/2554"}],"wp:attachment":[{"href":"https:\/\/moroccoembassy.orderofmalta.int\/fr\/wp-json\/wp\/v2\/media?parent=2547"}],"curies":[{"name":"wp","href":"https:\/\/api.w.org\/{rel}","templated":true}]}}