{"id":2540,"date":"2026-09-01T11:50:09","date_gmt":"2026-09-01T10:50:09","guid":{"rendered":"https:\/\/moroccoembassy.orderofmalta.int\/?post_type=news&#038;p=2540"},"modified":"2026-09-03T11:53:14","modified_gmt":"2026-09-03T10:53:14","slug":"registre-de-condoleances-norvege","status":"publish","type":"news","link":"https:\/\/moroccoembassy.orderofmalta.int\/fr\/actualites\/registre-de-condoleances-norvege\/","title":{"rendered":"Registre de condol\u00e9ances, Norv\u00e8ge"},"featured_media":0,"menu_order":0,"template":"","class_list":["post-2540","news","type-news","status-publish","hentry"],"acf":{"hidden_news":"no","evidence":"no","focus_on":"no","breaking":"yes","news_cover":{"id":2542,"url":"https:\/\/moroccoembassy.orderofmalta.int\/wp-content\/uploads\/sites\/4\/2026\/09\/l-ordre-malte-condoleances-roi-harald-v-norvege.jpeg"},"cover_image_copyrighted":false,"news_content":"<p>L\u2019Ambassadeur de l\u2019Ordre Souverain de Malte au Maroc, doyen du corps diplomatique Europ\u00e9en s\u2019est rendu \u00e0 la Chancellerie de Norv\u00e8ge pour pr\u00e9senter les condol\u00e9ances de l\u2019Ordre et de la Mission diplomatique \u00e0 Rabat \u00e0 son coll\u00e8gue \u00e0 l\u2019occasion du rappel \u00e0 Dieu de Sa Majest\u00e9 le Roi Harald V.<\/p>\n<p>Il a sign\u00e9 le registre des condol\u00e9ances et assur\u00e9 l\u2019Ambassade Royale de Norv\u00e8ge de sa compassion et de ses pri\u00e8res.<\/p>\n","news_gallery":"no","news_excerpt":"L\u2019Ambassadeur de l\u2019Ordre Souverain de Malte au Maroc, doyen du corps diplomatique Europ\u00e9en s\u2019est rendu \u00e0 la Chancellerie de Norv\u00e8ge pour pr\u00e9senter les condol\u00e9ances de l\u2019Ordre et de la Mission diplomatique \u00e0 Rabat \u00e0 son coll\u00e8gue \u00e0 l\u2019occasion du rappel \u00e0 Dieu de Sa Majest\u00e9 le Roi Harald V."},"news_categories":[],"_links":{"self":[{"href":"https:\/\/moroccoembassy.orderofmalta.int\/fr\/wp-json\/wp\/v2\/notizie\/2540","targetHints":{"allow":["GET"]}}],"collection":[{"href":"https:\/\/moroccoembassy.orderofmalta.int\/fr\/wp-json\/wp\/v2\/notizie"}],"about":[{"href":"https:\/\/moroccoembassy.orderofmalta.int\/fr\/wp-json\/wp\/v2\/types\/news"}],"version-history":[{"count":2,"href":"https:\/\/moroccoembassy.orderofmalta.int\/fr\/wp-json\/wp\/v2\/notizie\/2540\/revisions"}],"predecessor-version":[{"id":2544,"href":"https:\/\/moroccoembassy.orderofmalta.int\/fr\/wp-json\/wp\/v2\/notizie\/2540\/revisions\/2544"}],"wp:attachment":[{"href":"https:\/\/moroccoembassy.orderofmalta.int\/fr\/wp-json\/wp\/v2\/media?parent=2540"}],"curies":[{"name":"wp","href":"https:\/\/api.w.org\/{rel}","templated":true}]}}