{"id":2523,"date":"2026-08-31T11:38:45","date_gmt":"2026-08-31T10:38:45","guid":{"rendered":"https:\/\/moroccoembassy.orderofmalta.int\/?post_type=news&#038;p=2523"},"modified":"2026-09-03T11:48:07","modified_gmt":"2026-09-03T10:48:07","slug":"visite-de-courtoisie-pays-bas","status":"publish","type":"news","link":"https:\/\/moroccoembassy.orderofmalta.int\/fr\/actualites\/visite-de-courtoisie-pays-bas\/","title":{"rendered":"Visite de courtoisie, Pays Bas"},"featured_media":0,"menu_order":0,"template":"","class_list":["post-2523","news","type-news","status-publish","hentry"],"acf":{"hidden_news":"no","evidence":"yes","focus_on":"no","breaking":"yes","news_cover":{"id":2533,"url":"https:\/\/moroccoembassy.orderofmalta.int\/wp-content\/uploads\/sites\/4\/2026\/08\/ambassadeur-brunie-nieuwenhuis-visite-rabat.jpeg"},"cover_image_copyrighted":false,"news_content":"<p>L\u2019Ambassadeur Brunie, re\u00e7oit la visite de courtoisie \u00e0 la r\u00e9sidence de l\u2019Ordre de Malte \u00e0 Rabat de Son Excellence, Monsieur Dirk Jan Nieuwenhuis, Ambassadeur du Royaume des Pays Bas.<\/p>\n","news_gallery":"no","news_excerpt":"L\u2019Ambassadeur Brunie, re\u00e7oit la visite de courtoisie \u00e0 la r\u00e9sidence de l\u2019Ordre de Malte \u00e0 Rabat de Son Excellence, Monsieur Dirk Jan Nieuwenhuis, Ambassadeur du Royaume des Pays Bas."},"news_categories":[],"_links":{"self":[{"href":"https:\/\/moroccoembassy.orderofmalta.int\/fr\/wp-json\/wp\/v2\/notizie\/2523","targetHints":{"allow":["GET"]}}],"collection":[{"href":"https:\/\/moroccoembassy.orderofmalta.int\/fr\/wp-json\/wp\/v2\/notizie"}],"about":[{"href":"https:\/\/moroccoembassy.orderofmalta.int\/fr\/wp-json\/wp\/v2\/types\/news"}],"version-history":[{"count":4,"href":"https:\/\/moroccoembassy.orderofmalta.int\/fr\/wp-json\/wp\/v2\/notizie\/2523\/revisions"}],"predecessor-version":[{"id":2535,"href":"https:\/\/moroccoembassy.orderofmalta.int\/fr\/wp-json\/wp\/v2\/notizie\/2523\/revisions\/2535"}],"wp:attachment":[{"href":"https:\/\/moroccoembassy.orderofmalta.int\/fr\/wp-json\/wp\/v2\/media?parent=2523"}],"curies":[{"name":"wp","href":"https:\/\/api.w.org\/{rel}","templated":true}]}}